{"id":242,"date":"2021-10-12T14:47:05","date_gmt":"2021-10-12T14:47:05","guid":{"rendered":"http:\/\/strefaluksusu.pl\/blog\/?p=242"},"modified":"2024-05-20T09:43:32","modified_gmt":"2024-05-20T09:43:32","slug":"zloto-w-lazience-gdzie-i-z-czym-je-laczyc","status":"publish","type":"post","link":"https:\/\/www.strefaluksusu.pl\/blog\/inspiracje\/zloto-w-lazience-gdzie-i-z-czym-je-laczyc\/","title":{"rendered":"Z\u0142oto w \u0142azience &#8211; gdzie i z czym je \u0142\u0105czy\u0107?"},"content":{"rendered":"<p style=\"text-align: justify;\"><strong>\u0141azienka ze z\u0142otem kojarzy si\u0119 najcz\u0119\u015bciej z luksusem i wyj\u0105tkowo wysublimowanym stylem, a niekiedy te\u017c z przepychem. Z\u0142ote dodatki do \u0142azienki sprawdzaj\u0105 si\u0119 jednak nie tylko w pa\u0142acach czy na dworkach. Z czym mo\u017cesz je po\u0142\u0105czy\u0107? Jakie przedmioty przypominaj\u0105ce ten kruszec b\u0119d\u0105 najlepszym wyborem? Podpowiadamy!<\/strong><\/p>\n<p style=\"text-align: justify;\">Je\u017celi dobrze dobierzesz dodatki i zaaran\u017cujesz wn\u0119trze, z\u0142ota \u0142azienka nie b\u0119dzie kojarzy\u0142a si\u0119 z przerostem formy nad tre\u015bci\u0105, a stanie si\u0119 jednym z najpi\u0119kniejszych pomieszcze\u0144 w mieszkaniu czy w domu. Zwr\u00f3\u0107 jednak uwag\u0119 na par\u0119 podstawowych zasad. Z\u0142oty jest co do zasady dominuj\u0105cym kolorem, a wi\u0119c nie powinien stanowi\u0107 wi\u0119kszo\u015bci w \u017cadnym pomieszczeniu. W dobrym gu\u015bcie b\u0119d\u0105 natomiast z\u0142ote akcesoria do \u0142azienki, kt\u00f3re \u015bwietnie wsp\u00f3\u0142graj\u0105 z ca\u0142\u0105 gam\u0105 r\u00f3\u017cnych barw. Jakich?<\/p>\n<h2>Z jakimi kolorami najlepiej \u0142\u0105czy\u0107 z\u0142oto w \u0142azience?<\/h2>\n<p style=\"text-align: justify;\">Z\u0142oto \u015bwietnie komponuje si\u0119 z czerni\u0105. Je\u017celi masz wi\u0119ksz\u0105 \u0142azienk\u0119, to mo\u017cesz postawi\u0107 na jednolite, czarne (lub ciemne) p\u0142ytki i z\u0142ote dodatki. Pami\u0119taj jednak, \u017ce to optycznie bardzo zmniejszy i wyciemni pomieszczenie. Mo\u017cesz te\u017c postara\u0107 si\u0119 o nast\u0119puj\u0105c\u0105 aran\u017cacj\u0119: szare p\u0142ytki (w r\u00f3\u017cnych odcieniach tego koloru), czarna armatura i z\u0142ote dodatki (np. krany do umywalki czy wanny).<\/p>\n<p style=\"text-align: justify;\">W przypadku mniejszej pomieszcze\u0144 zdecydowanie nie radzimy k\u0142a\u015b\u0107 ciemnych p\u0142ytek. Do z\u0142ota w przypadku niewielkich \u0142azienek idealnie b\u0119dzie pasowa\u0107 jasna (najlepiej bia\u0142a) glazura. Pami\u0119taj, \u017ce zamiast standardowych p\u0142ytek mo\u017cesz u\u017cy\u0107 r\u00f3wnie\u017c kamieni (marmur, granit, piaskowiec), a tak\u017ce odcieni br\u0105zu czy be\u017cu w specjalnych farbach przeznaczonych do takich pomieszcze\u0144 jak \u0142azienka.<\/p>\n<p><img loading=\"lazy\" decoding=\"async\" class=\"aligncenter wp-image-246 size-full\" src=\"http:\/\/strefaluksusu.pl\/blog\/wp-content\/uploads\/2021\/10\/gentry-home-carlton-wann_88996-min.jpg\" alt=\"Gentry Home Carlton wanna 178x80 cm \u017celiwna bia\u0142a\/z\u0142oto z nogami\" width=\"640\" height=\"379\" srcset=\"https:\/\/www.strefaluksusu.pl\/blog\/wp-content\/uploads\/2021\/10\/gentry-home-carlton-wann_88996-min.jpg 640w, https:\/\/www.strefaluksusu.pl\/blog\/wp-content\/uploads\/2021\/10\/gentry-home-carlton-wann_88996-min-300x178.jpg 300w\" sizes=\"(max-width: 640px) 100vw, 640px\" \/><\/p>\n<p style=\"text-align: center;\">Gentry Home Carlton wanna 178&#215;80 cm \u017celiwna bia\u0142a\/z\u0142oto z nogami<\/p>\n<h2>Gdzie mo\u017cesz postawi\u0107 na z\u0142ote dodatki do \u0142azienki?<\/h2>\n<p style=\"text-align: justify;\">Przejd\u017amy teraz do dodatk\u00f3w. M\u00f3wi\u0105c \u201ez\u0142ota \u0142azienka\u201d mamy najcz\u0119\u015bciej na my\u015bli w\u0142a\u015bnie dodatkowe elementy w z\u0142otej barwie. Z\u0142ote akcesoria do \u0142azienki nadaj\u0105 pomieszczeniu ekskluzywno\u015bci, pasuj\u0105 do wielu styl\u00f3w (tak industrialnego, loftowego, jak i glamour), a tak\u017ce s\u0105 \u015bwietne w utrzymaniu czysto\u015bci.<\/p>\n<p style=\"text-align: justify;\">Z\u0142ote dodatki do \u0142azienki najlepiej skomponowa\u0107 z czarn\u0105 armatur\u0105. <a style=\"color: #d3c07b;\" href=\"https:\/\/www.strefaluksusu.pl\/k1130,lazienka-wanny-wanny-zeliwne.html\">Wanna<\/a> (np. Gentry Home Carlton) w kolorze czarnym z dodatkow\u0105 bateri\u0105 w odcieniach z\u0142ota b\u0119dzie prezentowa\u0107 si\u0119 osza\u0142amiaj\u0105co. R\u00f3wnie ciekawie do z\u0142otych kran\u00f3w dopasujesz jasne wanny \u2013 najlepiej bia\u0142e.<\/p>\n<p style=\"text-align: justify;\">\u0141azienka ze z\u0142otem mo\u017ce te\u017c opiera\u0107 si\u0119 na po\u0142\u0105czeniu jednolitej barwy mebli \u0142azienkowych i \u015bwiate\u0142. Baw si\u0119 r\u00f3\u017cnymi rozwi\u0105zaniami. Je\u017celi np. wybra\u0142e\u015b bia\u0142e szafki, to dodatkowo nie musisz ba\u0107 si\u0119 wkomponowa\u0107 w nie czarnych ram z lustrem i z\u0142otych baterii do umywalki.<\/p>\n<p><img loading=\"lazy\" decoding=\"async\" class=\"aligncenter wp-image-244 size-full\" src=\"http:\/\/strefaluksusu.pl\/blog\/wp-content\/uploads\/2021\/10\/gessi-mimi-bateria-umywalkow_113837-min.jpg\" alt=\"Gessi Mimi Bateria Umywalkowa wysoka z\u0142oto szczotkowane\" width=\"640\" height=\"427\" srcset=\"https:\/\/www.strefaluksusu.pl\/blog\/wp-content\/uploads\/2021\/10\/gessi-mimi-bateria-umywalkow_113837-min.jpg 640w, https:\/\/www.strefaluksusu.pl\/blog\/wp-content\/uploads\/2021\/10\/gessi-mimi-bateria-umywalkow_113837-min-300x200.jpg 300w\" sizes=\"(max-width: 640px) 100vw, 640px\" \/><\/p>\n<p style=\"text-align: center;\">Gessi Mimi Bateria Umywalkowa wysoka z\u0142oto szczotkowane<\/p>\n<h2>Jakie z\u0142ote dodatki mog\u0105 znale\u017a\u0107 si\u0119 w Twojej \u0142azience?<\/h2>\n<p style=\"text-align: justify;\">Na koniec przedstawimy Ci kilka przyk\u0142ad\u00f3w dodatk\u00f3w, w kt\u00f3re mo\u017ce by\u0107 wyposa\u017cona \u201ez\u0142ota \u0142azienka\u201d. Wspominali\u015bmy ju\u017c oczywi\u015bcie o <a style=\"color: #d3c07b;\" href=\"https:\/\/www.strefaluksusu.pl\/k1101,lazienka-baterie-lazienkowe.html\">bateriach<\/a> do wanny i umywalki. To najcz\u0119\u015bciej spotykana forma \u201epoz\u0142acania\u201d pomieszczenia. Te maj\u0105 r\u00f3\u017cne formy i kszta\u0142ty. Je\u017celi wolisz co\u015b nowoczesnego, to rozwi\u0105zaniem mo\u017ce by\u0107 <a style=\"color: #d3c07b;\" href=\"https:\/\/www.strefaluksusu.pl\/p72939,mgs-bateria-umywalkowa-jednootworowa-rozowe-zloto-0289mb338b.html\">bateria umywalkowa jednootworowa r\u00f3\u017cowe z\u0142oto<\/a>. Pasuje do projekt\u00f3w \u0142azienki we wsp\u00f3\u0142czesnym stylu. Niekt\u00f3rzy stawiaj\u0105 jednak na rozwi\u0105zania klasyczne. Tutaj polecamy zastosowa\u0107 kran z tradycyjnymi, zdobionymi pokr\u0119t\u0142ami w z\u0142otym kolorze. Je\u017celi chodzi zreszt\u0105 o z\u0142ote baterie, to mo\u017cesz \u015bwietnie wkomponowa\u0107 w \u0142azienk\u0119 te, kt\u00f3re s\u0105 wykonane w stylistyce retro. Do tego idealnie pasowa\u0107 b\u0119dzie podobnie wykonany natrysk prysznicowy (jego przyk\u0142adem jest <a style=\"color: #d3c07b;\" href=\"https:\/\/www.strefaluksusu.pl\/p90661,burlington-avon-zestaw-natryskowy-scienny-termostatyczny-gold-af3sgold.html\">Burlington Avon<\/a>).<\/p>\n<p style=\"text-align: justify;\">Poza bateriami wa\u017cnym dodatkiem \u0142azienkowym b\u0119d\u0105 te\u017c z\u0142ote lustra. Rama w z\u0142ocie \u015bwietnie skomponuje si\u0119 z lustrzanym odbiciem, a dodatkowe (delikatne) o\u015bwietlenie zachwyci u\u017cytkownik\u00f3w i go\u015bci. R\u00f3wnie pomys\u0142owe akcesoria to wieszaki, p\u00f3\u0142ki czy dozowniki do myd\u0142a. Je\u017celi naprawd\u0119 zale\u017cy Ci na tym, aby z\u0142ote <a style=\"color: #d3c07b;\" href=\"https:\/\/www.strefaluksusu.pl\/k1133,lazienka-dodatki-lazienkowe.html\">dodatki do \u0142azienki<\/a> dominowa\u0142y ca\u0142y wystr\u00f3j, zaopatrz si\u0119 w\u2026 z\u0142oty <a style=\"color: #d3c07b;\" href=\"https:\/\/www.strefaluksusu.pl\/k1138,ogrzewanie-grzejniki.html\">grzejnik<\/a> \u0142azienkowy! Interesuj\u0105ce mog\u0105 by\u0107 r\u00f3wnie\u017c z\u0142ote klamki do drzwi, kt\u00f3re b\u0119d\u0105 pasowa\u0142y do ca\u0142ego wn\u0119trza. Je\u017celi m\u00f3wimy z kolei o zastosowaniu z\u0142otych element\u00f3w przy prysznicach, to kabina prysznicowa ze z\u0142otym okuciem b\u0119dzie \u015bwietnym wyko\u0144czeniem ka\u017cdego rodzaju \u0142azienki &#8211; tej nowoczesnej, retro czy minimalistycznej.<\/p>\n<p><img loading=\"lazy\" decoding=\"async\" class=\"aligncenter wp-image-245\" src=\"http:\/\/strefaluksusu.pl\/blog\/wp-content\/uploads\/2021\/10\/artceram-lustro-italiana-70x_119480-min.jpg\" alt=\"Artceram Lustro Italiana 70x90 cm \u015acienne antyczne z\u0142oto\" width=\"640\" height=\"775\" srcset=\"https:\/\/www.strefaluksusu.pl\/blog\/wp-content\/uploads\/2021\/10\/artceram-lustro-italiana-70x_119480-min.jpg 417w, https:\/\/www.strefaluksusu.pl\/blog\/wp-content\/uploads\/2021\/10\/artceram-lustro-italiana-70x_119480-min-248x300.jpg 248w\" sizes=\"(max-width: 640px) 100vw, 640px\" \/><\/p>\n<p style=\"text-align: center;\"><a style=\"color: #d3c07b;\" href=\"https:\/\/www.strefaluksusu.pl\/p73420,artceram-lustro-italiana-70x90-cm-scienne-antyczne-zloto-acs00273.html\">Artceram Lustro Italiana 70&#215;90 cm \u015acienne antyczne z\u0142oto<\/a><\/p>\n<h2>Nie wstyd\u017a si\u0119 z\u0142ota \u2013 baw si\u0119 aran\u017cacj\u0105!<\/h2>\n<p style=\"text-align: justify;\">Przygotowuj\u0105c wn\u0119trze i chc\u0105c zaaran\u017cowa\u0107 je w \u201ez\u0142otym\u201d stylu zapomnij o tradycji i konwenansach. Ten kolor ma imponowa\u0107 i rzuca\u0107 si\u0119 w oczy. Niezale\u017cnie czy wybierzesz ma\u0142y dodatek czy np. z\u0142ot\u0105 wann\u0119 \u2013 i tak przedmiot ten stanie si\u0119 jednym z najwa\u017cniejszych punkt\u00f3w w \u0142azience. Wykorzystaj wi\u0119c to i wyeksponuj elementy, na kt\u00f3rych najbardziej Ci zale\u017cy. W ten spos\u00f3b mo\u017cesz \u0142atwo \u201eukry\u0107\u201d np. pewne wady \u0142azienki czy niezbyt urokliwy niekiedy sprz\u0119t AGD. Owocnego projektowania!<\/p>\n<p style=\"text-align: justify;\">Polecane produkty:<\/p>\n<p style=\"text-align: justify;\"><a style=\"color: #d3c07b;\" href=\"https:\/\/www.strefaluksusu.pl\/p93574,bruma-maris-haczyk-na-reczniki-sunrise-1770006sr.html\">Bruma Maris Haczyk na r\u0119czniki sunrise<\/a><\/p>\n<p style=\"text-align: justify;\"><a style=\"color: #d3c07b;\" href=\"https:\/\/www.strefaluksusu.pl\/p88725,bruma-maris-uchwyt-na-papier-toaletowy-sunrise-pvd-1770007pr.html\">Bruma Maris Uchwyt na papier toaletowy sunrise PVD<\/a><\/p>\n","protected":false},"excerpt":{"rendered":"<p>Jakie z\u0142ote dodatki wybra\u0107 do \u0142azienki? Sprawd\u017a nasze podpowiedzi!<\/p>\n","protected":false},"author":2,"featured_media":248,"comment_status":"open","ping_status":"open","sticky":false,"template":"","format":"standard","meta":{"footnotes":""},"categories":[1],"tags":[],"yoast_head":"<!-- This site is optimized with the Yoast SEO plugin v22.7 - https:\/\/yoast.com\/wordpress\/plugins\/seo\/ -->\n<title>Z\u0142ote dodatki i akcesoria w \u0142azience \u2013 gdzie i z czym je \u0142\u0105czy\u0107? \u2013 blog Strefa Luksusu<\/title>\n<meta name=\"description\" content=\"Odkryj, jak stylowo wkomponowa\u0107 z\u0142ote dodatki w \u0142azience z poradami od Strefy Luksusu. Zainspiruj si\u0119 i dodaj swojej \u0142azience blasku.\" \/>\n<meta name=\"robots\" content=\"index, follow, max-snippet:-1, max-image-preview:large, max-video-preview:-1\" \/>\n<link rel=\"canonical\" href=\"https:\/\/www.strefaluksusu.pl\/blog\/inspiracje\/zloto-w-lazience-gdzie-i-z-czym-je-laczyc\/\" \/>\n<meta property=\"og:locale\" content=\"pl_PL\" \/>\n<meta property=\"og:type\" content=\"article\" \/>\n<meta property=\"og:title\" content=\"Z\u0142ote dodatki i akcesoria w \u0142azience \u2013 gdzie i z czym je \u0142\u0105czy\u0107? \u2013 blog Strefa Luksusu\" \/>\n<meta property=\"og:description\" content=\"Odkryj, jak stylowo wkomponowa\u0107 z\u0142ote dodatki w \u0142azience z poradami od Strefy Luksusu. Zainspiruj si\u0119 i dodaj swojej \u0142azience blasku.\" \/>\n<meta property=\"og:url\" content=\"https:\/\/www.strefaluksusu.pl\/blog\/inspiracje\/zloto-w-lazience-gdzie-i-z-czym-je-laczyc\/\" \/>\n<meta property=\"og:site_name\" content=\"Strefa Luksusu\" \/>\n<meta property=\"article:published_time\" content=\"2021-10-12T14:47:05+00:00\" \/>\n<meta property=\"article:modified_time\" content=\"2024-05-20T09:43:32+00:00\" \/>\n<meta property=\"og:image\" content=\"https:\/\/www.strefaluksusu.pl\/blog\/wp-content\/uploads\/2021\/10\/YI5-zloto-1-min.jpg\" \/>\n\t<meta property=\"og:image:width\" content=\"698\" \/>\n\t<meta property=\"og:image:height\" content=\"698\" \/>\n\t<meta property=\"og:image:type\" content=\"image\/jpeg\" \/>\n<meta name=\"author\" content=\"Strefa Luksusu\" \/>\n<meta name=\"twitter:card\" content=\"summary_large_image\" \/>\n<meta name=\"twitter:label1\" content=\"Napisane przez\" \/>\n\t<meta name=\"twitter:data1\" content=\"Strefa Luksusu\" \/>\n\t<meta name=\"twitter:label2\" content=\"Szacowany czas czytania\" \/>\n\t<meta name=\"twitter:data2\" content=\"5 minut\" \/>\n<script type=\"application\/ld+json\" class=\"yoast-schema-graph\">{\"@context\":\"https:\/\/schema.org\",\"@graph\":[{\"@type\":\"Article\",\"@id\":\"https:\/\/www.strefaluksusu.pl\/blog\/inspiracje\/zloto-w-lazience-gdzie-i-z-czym-je-laczyc\/#article\",\"isPartOf\":{\"@id\":\"https:\/\/www.strefaluksusu.pl\/blog\/inspiracje\/zloto-w-lazience-gdzie-i-z-czym-je-laczyc\/\"},\"author\":{\"name\":\"Strefa Luksusu\",\"@id\":\"https:\/\/www.strefaluksusu.pl\/blog\/#\/schema\/person\/e22932734835346de76c905bb80d837d\"},\"headline\":\"Z\u0142oto w \u0142azience &#8211; gdzie i z czym je \u0142\u0105czy\u0107?\",\"datePublished\":\"2021-10-12T14:47:05+00:00\",\"dateModified\":\"2024-05-20T09:43:32+00:00\",\"mainEntityOfPage\":{\"@id\":\"https:\/\/www.strefaluksusu.pl\/blog\/inspiracje\/zloto-w-lazience-gdzie-i-z-czym-je-laczyc\/\"},\"wordCount\":885,\"commentCount\":0,\"publisher\":{\"@id\":\"https:\/\/www.strefaluksusu.pl\/blog\/#organization\"},\"image\":{\"@id\":\"https:\/\/www.strefaluksusu.pl\/blog\/inspiracje\/zloto-w-lazience-gdzie-i-z-czym-je-laczyc\/#primaryimage\"},\"thumbnailUrl\":\"https:\/\/www.strefaluksusu.pl\/blog\/wp-content\/uploads\/2021\/10\/YI5-zloto-1-min.jpg\",\"articleSection\":[\"inspiracje\"],\"inLanguage\":\"pl-PL\",\"potentialAction\":[{\"@type\":\"CommentAction\",\"name\":\"Comment\",\"target\":[\"https:\/\/www.strefaluksusu.pl\/blog\/inspiracje\/zloto-w-lazience-gdzie-i-z-czym-je-laczyc\/#respond\"]}]},{\"@type\":\"WebPage\",\"@id\":\"https:\/\/www.strefaluksusu.pl\/blog\/inspiracje\/zloto-w-lazience-gdzie-i-z-czym-je-laczyc\/\",\"url\":\"https:\/\/www.strefaluksusu.pl\/blog\/inspiracje\/zloto-w-lazience-gdzie-i-z-czym-je-laczyc\/\",\"name\":\"Z\u0142ote dodatki i akcesoria w \u0142azience \u2013 gdzie i z czym je \u0142\u0105czy\u0107? \u2013 blog Strefa Luksusu\",\"isPartOf\":{\"@id\":\"https:\/\/www.strefaluksusu.pl\/blog\/#website\"},\"primaryImageOfPage\":{\"@id\":\"https:\/\/www.strefaluksusu.pl\/blog\/inspiracje\/zloto-w-lazience-gdzie-i-z-czym-je-laczyc\/#primaryimage\"},\"image\":{\"@id\":\"https:\/\/www.strefaluksusu.pl\/blog\/inspiracje\/zloto-w-lazience-gdzie-i-z-czym-je-laczyc\/#primaryimage\"},\"thumbnailUrl\":\"https:\/\/www.strefaluksusu.pl\/blog\/wp-content\/uploads\/2021\/10\/YI5-zloto-1-min.jpg\",\"datePublished\":\"2021-10-12T14:47:05+00:00\",\"dateModified\":\"2024-05-20T09:43:32+00:00\",\"description\":\"Odkryj, jak stylowo wkomponowa\u0107 z\u0142ote dodatki w \u0142azience z poradami od Strefy Luksusu. Zainspiruj si\u0119 i dodaj swojej \u0142azience blasku.\",\"breadcrumb\":{\"@id\":\"https:\/\/www.strefaluksusu.pl\/blog\/inspiracje\/zloto-w-lazience-gdzie-i-z-czym-je-laczyc\/#breadcrumb\"},\"inLanguage\":\"pl-PL\",\"potentialAction\":[{\"@type\":\"ReadAction\",\"target\":[\"https:\/\/www.strefaluksusu.pl\/blog\/inspiracje\/zloto-w-lazience-gdzie-i-z-czym-je-laczyc\/\"]}]},{\"@type\":\"ImageObject\",\"inLanguage\":\"pl-PL\",\"@id\":\"https:\/\/www.strefaluksusu.pl\/blog\/inspiracje\/zloto-w-lazience-gdzie-i-z-czym-je-laczyc\/#primaryimage\",\"url\":\"https:\/\/www.strefaluksusu.pl\/blog\/wp-content\/uploads\/2021\/10\/YI5-zloto-1-min.jpg\",\"contentUrl\":\"https:\/\/www.strefaluksusu.pl\/blog\/wp-content\/uploads\/2021\/10\/YI5-zloto-1-min.jpg\",\"width\":698,\"height\":698,\"caption\":\"Z\u0142ote dodatki i akcesoria w \u0142azience\"},{\"@type\":\"BreadcrumbList\",\"@id\":\"https:\/\/www.strefaluksusu.pl\/blog\/inspiracje\/zloto-w-lazience-gdzie-i-z-czym-je-laczyc\/#breadcrumb\",\"itemListElement\":[{\"@type\":\"ListItem\",\"position\":1,\"name\":\"Strona g\u0142\u00f3wna\",\"item\":\"https:\/\/www.strefaluksusu.pl\/blog\/\"},{\"@type\":\"ListItem\",\"position\":2,\"name\":\"Z\u0142oto w \u0142azience &#8211; gdzie i z czym je \u0142\u0105czy\u0107?\"}]},{\"@type\":\"WebSite\",\"@id\":\"https:\/\/www.strefaluksusu.pl\/blog\/#website\",\"url\":\"https:\/\/www.strefaluksusu.pl\/blog\/\",\"name\":\"Strefa Luksusu\",\"description\":\"Ekskluzywne, nowoczesne \u0142azienki\",\"publisher\":{\"@id\":\"https:\/\/www.strefaluksusu.pl\/blog\/#organization\"},\"potentialAction\":[{\"@type\":\"SearchAction\",\"target\":{\"@type\":\"EntryPoint\",\"urlTemplate\":\"https:\/\/www.strefaluksusu.pl\/blog\/?s={search_term_string}\"},\"query-input\":\"required name=search_term_string\"}],\"inLanguage\":\"pl-PL\"},{\"@type\":\"Organization\",\"@id\":\"https:\/\/www.strefaluksusu.pl\/blog\/#organization\",\"name\":\"Strefa Luksusu\",\"url\":\"https:\/\/www.strefaluksusu.pl\/blog\/\",\"logo\":{\"@type\":\"ImageObject\",\"inLanguage\":\"pl-PL\",\"@id\":\"https:\/\/www.strefaluksusu.pl\/blog\/#\/schema\/logo\/image\/\",\"url\":\"https:\/\/www.strefaluksusu.pl\/blog\/wp-content\/uploads\/2020\/11\/strefa-logo-wp.jpg\",\"contentUrl\":\"https:\/\/www.strefaluksusu.pl\/blog\/wp-content\/uploads\/2020\/11\/strefa-logo-wp.jpg\",\"width\":500,\"height\":374,\"caption\":\"Strefa Luksusu\"},\"image\":{\"@id\":\"https:\/\/www.strefaluksusu.pl\/blog\/#\/schema\/logo\/image\/\"}},{\"@type\":\"Person\",\"@id\":\"https:\/\/www.strefaluksusu.pl\/blog\/#\/schema\/person\/e22932734835346de76c905bb80d837d\",\"name\":\"Strefa Luksusu\",\"image\":{\"@type\":\"ImageObject\",\"inLanguage\":\"pl-PL\",\"@id\":\"https:\/\/www.strefaluksusu.pl\/blog\/#\/schema\/person\/image\/\",\"url\":\"https:\/\/secure.gravatar.com\/avatar\/97e83b0ebcc3db3cdb14e204647382f7?s=96&d=mm&r=g\",\"contentUrl\":\"https:\/\/secure.gravatar.com\/avatar\/97e83b0ebcc3db3cdb14e204647382f7?s=96&d=mm&r=g\",\"caption\":\"Strefa Luksusu\"},\"url\":\"https:\/\/www.strefaluksusu.pl\/blog\/author\/traffic-trends\/\"}]}<\/script>\n<!-- \/ Yoast SEO plugin. -->","yoast_head_json":{"title":"Z\u0142ote dodatki i akcesoria w \u0142azience \u2013 gdzie i z czym je \u0142\u0105czy\u0107? \u2013 blog Strefa Luksusu","description":"Odkryj, jak stylowo wkomponowa\u0107 z\u0142ote dodatki w \u0142azience z poradami od Strefy Luksusu. Zainspiruj si\u0119 i dodaj swojej \u0142azience blasku.","robots":{"index":"index","follow":"follow","max-snippet":"max-snippet:-1","max-image-preview":"max-image-preview:large","max-video-preview":"max-video-preview:-1"},"canonical":"https:\/\/www.strefaluksusu.pl\/blog\/inspiracje\/zloto-w-lazience-gdzie-i-z-czym-je-laczyc\/","og_locale":"pl_PL","og_type":"article","og_title":"Z\u0142ote dodatki i akcesoria w \u0142azience \u2013 gdzie i z czym je \u0142\u0105czy\u0107? \u2013 blog Strefa Luksusu","og_description":"Odkryj, jak stylowo wkomponowa\u0107 z\u0142ote dodatki w \u0142azience z poradami od Strefy Luksusu. Zainspiruj si\u0119 i dodaj swojej \u0142azience blasku.","og_url":"https:\/\/www.strefaluksusu.pl\/blog\/inspiracje\/zloto-w-lazience-gdzie-i-z-czym-je-laczyc\/","og_site_name":"Strefa Luksusu","article_published_time":"2021-10-12T14:47:05+00:00","article_modified_time":"2024-05-20T09:43:32+00:00","og_image":[{"width":698,"height":698,"url":"https:\/\/www.strefaluksusu.pl\/blog\/wp-content\/uploads\/2021\/10\/YI5-zloto-1-min.jpg","type":"image\/jpeg"}],"author":"Strefa Luksusu","twitter_card":"summary_large_image","twitter_misc":{"Napisane przez":"Strefa Luksusu","Szacowany czas czytania":"5 minut"},"schema":{"@context":"https:\/\/schema.org","@graph":[{"@type":"Article","@id":"https:\/\/www.strefaluksusu.pl\/blog\/inspiracje\/zloto-w-lazience-gdzie-i-z-czym-je-laczyc\/#article","isPartOf":{"@id":"https:\/\/www.strefaluksusu.pl\/blog\/inspiracje\/zloto-w-lazience-gdzie-i-z-czym-je-laczyc\/"},"author":{"name":"Strefa Luksusu","@id":"https:\/\/www.strefaluksusu.pl\/blog\/#\/schema\/person\/e22932734835346de76c905bb80d837d"},"headline":"Z\u0142oto w \u0142azience &#8211; gdzie i z czym je \u0142\u0105czy\u0107?","datePublished":"2021-10-12T14:47:05+00:00","dateModified":"2024-05-20T09:43:32+00:00","mainEntityOfPage":{"@id":"https:\/\/www.strefaluksusu.pl\/blog\/inspiracje\/zloto-w-lazience-gdzie-i-z-czym-je-laczyc\/"},"wordCount":885,"commentCount":0,"publisher":{"@id":"https:\/\/www.strefaluksusu.pl\/blog\/#organization"},"image":{"@id":"https:\/\/www.strefaluksusu.pl\/blog\/inspiracje\/zloto-w-lazience-gdzie-i-z-czym-je-laczyc\/#primaryimage"},"thumbnailUrl":"https:\/\/www.strefaluksusu.pl\/blog\/wp-content\/uploads\/2021\/10\/YI5-zloto-1-min.jpg","articleSection":["inspiracje"],"inLanguage":"pl-PL","potentialAction":[{"@type":"CommentAction","name":"Comment","target":["https:\/\/www.strefaluksusu.pl\/blog\/inspiracje\/zloto-w-lazience-gdzie-i-z-czym-je-laczyc\/#respond"]}]},{"@type":"WebPage","@id":"https:\/\/www.strefaluksusu.pl\/blog\/inspiracje\/zloto-w-lazience-gdzie-i-z-czym-je-laczyc\/","url":"https:\/\/www.strefaluksusu.pl\/blog\/inspiracje\/zloto-w-lazience-gdzie-i-z-czym-je-laczyc\/","name":"Z\u0142ote dodatki i akcesoria w \u0142azience \u2013 gdzie i z czym je \u0142\u0105czy\u0107? \u2013 blog Strefa Luksusu","isPartOf":{"@id":"https:\/\/www.strefaluksusu.pl\/blog\/#website"},"primaryImageOfPage":{"@id":"https:\/\/www.strefaluksusu.pl\/blog\/inspiracje\/zloto-w-lazience-gdzie-i-z-czym-je-laczyc\/#primaryimage"},"image":{"@id":"https:\/\/www.strefaluksusu.pl\/blog\/inspiracje\/zloto-w-lazience-gdzie-i-z-czym-je-laczyc\/#primaryimage"},"thumbnailUrl":"https:\/\/www.strefaluksusu.pl\/blog\/wp-content\/uploads\/2021\/10\/YI5-zloto-1-min.jpg","datePublished":"2021-10-12T14:47:05+00:00","dateModified":"2024-05-20T09:43:32+00:00","description":"Odkryj, jak stylowo wkomponowa\u0107 z\u0142ote dodatki w \u0142azience z poradami od Strefy Luksusu. Zainspiruj si\u0119 i dodaj swojej \u0142azience blasku.","breadcrumb":{"@id":"https:\/\/www.strefaluksusu.pl\/blog\/inspiracje\/zloto-w-lazience-gdzie-i-z-czym-je-laczyc\/#breadcrumb"},"inLanguage":"pl-PL","potentialAction":[{"@type":"ReadAction","target":["https:\/\/www.strefaluksusu.pl\/blog\/inspiracje\/zloto-w-lazience-gdzie-i-z-czym-je-laczyc\/"]}]},{"@type":"ImageObject","inLanguage":"pl-PL","@id":"https:\/\/www.strefaluksusu.pl\/blog\/inspiracje\/zloto-w-lazience-gdzie-i-z-czym-je-laczyc\/#primaryimage","url":"https:\/\/www.strefaluksusu.pl\/blog\/wp-content\/uploads\/2021\/10\/YI5-zloto-1-min.jpg","contentUrl":"https:\/\/www.strefaluksusu.pl\/blog\/wp-content\/uploads\/2021\/10\/YI5-zloto-1-min.jpg","width":698,"height":698,"caption":"Z\u0142ote dodatki i akcesoria w \u0142azience"},{"@type":"BreadcrumbList","@id":"https:\/\/www.strefaluksusu.pl\/blog\/inspiracje\/zloto-w-lazience-gdzie-i-z-czym-je-laczyc\/#breadcrumb","itemListElement":[{"@type":"ListItem","position":1,"name":"Strona g\u0142\u00f3wna","item":"https:\/\/www.strefaluksusu.pl\/blog\/"},{"@type":"ListItem","position":2,"name":"Z\u0142oto w \u0142azience &#8211; gdzie i z czym je \u0142\u0105czy\u0107?"}]},{"@type":"WebSite","@id":"https:\/\/www.strefaluksusu.pl\/blog\/#website","url":"https:\/\/www.strefaluksusu.pl\/blog\/","name":"Strefa Luksusu","description":"Ekskluzywne, nowoczesne \u0142azienki","publisher":{"@id":"https:\/\/www.strefaluksusu.pl\/blog\/#organization"},"potentialAction":[{"@type":"SearchAction","target":{"@type":"EntryPoint","urlTemplate":"https:\/\/www.strefaluksusu.pl\/blog\/?s={search_term_string}"},"query-input":"required name=search_term_string"}],"inLanguage":"pl-PL"},{"@type":"Organization","@id":"https:\/\/www.strefaluksusu.pl\/blog\/#organization","name":"Strefa Luksusu","url":"https:\/\/www.strefaluksusu.pl\/blog\/","logo":{"@type":"ImageObject","inLanguage":"pl-PL","@id":"https:\/\/www.strefaluksusu.pl\/blog\/#\/schema\/logo\/image\/","url":"https:\/\/www.strefaluksusu.pl\/blog\/wp-content\/uploads\/2020\/11\/strefa-logo-wp.jpg","contentUrl":"https:\/\/www.strefaluksusu.pl\/blog\/wp-content\/uploads\/2020\/11\/strefa-logo-wp.jpg","width":500,"height":374,"caption":"Strefa Luksusu"},"image":{"@id":"https:\/\/www.strefaluksusu.pl\/blog\/#\/schema\/logo\/image\/"}},{"@type":"Person","@id":"https:\/\/www.strefaluksusu.pl\/blog\/#\/schema\/person\/e22932734835346de76c905bb80d837d","name":"Strefa Luksusu","image":{"@type":"ImageObject","inLanguage":"pl-PL","@id":"https:\/\/www.strefaluksusu.pl\/blog\/#\/schema\/person\/image\/","url":"https:\/\/secure.gravatar.com\/avatar\/97e83b0ebcc3db3cdb14e204647382f7?s=96&d=mm&r=g","contentUrl":"https:\/\/secure.gravatar.com\/avatar\/97e83b0ebcc3db3cdb14e204647382f7?s=96&d=mm&r=g","caption":"Strefa Luksusu"},"url":"https:\/\/www.strefaluksusu.pl\/blog\/author\/traffic-trends\/"}]}},"_links":{"self":[{"href":"https:\/\/www.strefaluksusu.pl\/blog\/wp-json\/wp\/v2\/posts\/242"}],"collection":[{"href":"https:\/\/www.strefaluksusu.pl\/blog\/wp-json\/wp\/v2\/posts"}],"about":[{"href":"https:\/\/www.strefaluksusu.pl\/blog\/wp-json\/wp\/v2\/types\/post"}],"author":[{"embeddable":true,"href":"https:\/\/www.strefaluksusu.pl\/blog\/wp-json\/wp\/v2\/users\/2"}],"replies":[{"embeddable":true,"href":"https:\/\/www.strefaluksusu.pl\/blog\/wp-json\/wp\/v2\/comments?post=242"}],"version-history":[{"count":5,"href":"https:\/\/www.strefaluksusu.pl\/blog\/wp-json\/wp\/v2\/posts\/242\/revisions"}],"predecessor-version":[{"id":638,"href":"https:\/\/www.strefaluksusu.pl\/blog\/wp-json\/wp\/v2\/posts\/242\/revisions\/638"}],"wp:featuredmedia":[{"embeddable":true,"href":"https:\/\/www.strefaluksusu.pl\/blog\/wp-json\/wp\/v2\/media\/248"}],"wp:attachment":[{"href":"https:\/\/www.strefaluksusu.pl\/blog\/wp-json\/wp\/v2\/media?parent=242"}],"wp:term":[{"taxonomy":"category","embeddable":true,"href":"https:\/\/www.strefaluksusu.pl\/blog\/wp-json\/wp\/v2\/categories?post=242"},{"taxonomy":"post_tag","embeddable":true,"href":"https:\/\/www.strefaluksusu.pl\/blog\/wp-json\/wp\/v2\/tags?post=242"}],"curies":[{"name":"wp","href":"https:\/\/api.w.org\/{rel}","templated":true}]}}